{"id":2541,"date":"2025-04-03T16:55:27","date_gmt":"2025-04-03T16:55:27","guid":{"rendered":"https:\/\/www.almetal.de\/wordpress\/?p=2541"},"modified":"2026-02-23T12:23:00","modified_gmt":"2026-02-23T12:23:00","slug":"gambri-vom-steinadlerhof","status":"publish","type":"post","link":"http:\/\/www.almetal.de\/wordpress\/?p=2541","title":{"rendered":"Gambri vom Steinadlerhof"},"content":{"rendered":"<h4 class=\"advertHl\">Freundlicher Wallach mit viel einfach zu reitendem T\u00f6lt<\/h4>\n<p>Gambri ist ein 6 j\u00e4hriger, 138cm gro\u00dfer, deutsch gezogener Wallach.<\/p>\n<p>Er wurde im Rahmen des Jungpferdebereiterprogrammes 2024 eingeritten und zeigt sich immer motiviert und unerschrocken in jeder Umgebung.<\/p>\n<p>Sein freundliches Wesen und der stets interessierte Charakter zeichnen ihn aus, dabei ist er aber nie aufdringlich.<\/p>\n<h4><img loading=\"lazy\" decoding=\"async\" class=\"size-medium wp-image-2559 alignleft\" src=\"http:\/\/www.almetal.de\/wordpress\/wp-content\/uploads\/2025\/04\/Gambri-1-225x300.jpg\" alt=\"\" width=\"225\" height=\"300\" srcset=\"http:\/\/www.almetal.de\/wordpress\/wp-content\/uploads\/2025\/04\/Gambri-1-225x300.jpg 225w, http:\/\/www.almetal.de\/wordpress\/wp-content\/uploads\/2025\/04\/Gambri-1-768x1024.jpg 768w, http:\/\/www.almetal.de\/wordpress\/wp-content\/uploads\/2025\/04\/Gambri-1.jpg 960w\" sizes=\"auto, (max-width: 225px) 100vw, 225px\" \/><\/h4>\n<p>&nbsp;<\/p>\n<div style=\"width: 800px;\" class=\"wp-video\"><video class=\"wp-video-shortcode\" id=\"video-2541-1\" width=\"800\" height=\"453\" preload=\"metadata\" controls=\"controls\"><source type=\"video\/mp4\" src=\"http:\/\/www.almetal.de\/wordpress\/wp-content\/uploads\/2025\/04\/Gambri.mp4?_=1\" \/><a href=\"http:\/\/www.almetal.de\/wordpress\/wp-content\/uploads\/2025\/04\/Gambri.mp4\">http:\/\/www.almetal.de\/wordpress\/wp-content\/uploads\/2025\/04\/Gambri.mp4<\/a><\/video><\/div>\n<h4><\/h4>\n","protected":false},"excerpt":{"rendered":"<p>Freundlicher Wallach mit viel einfach zu reitendem T\u00f6lt Gambri ist ein 6 j\u00e4hriger, 138cm gro\u00dfer, deutsch gezogener Wallach. Er wurde im Rahmen des Jungpferdebereiterprogrammes 2024 [&#8230;]<\/p>\n","protected":false},"author":2,"featured_media":0,"comment_status":"closed","ping_status":"closed","sticky":false,"template":"","format":"standard","meta":{"footnotes":""},"categories":[10],"tags":[],"class_list":["post-2541","post","type-post","status-publish","format-standard","hentry","category-verkaufspferde"],"_links":{"self":[{"href":"http:\/\/www.almetal.de\/wordpress\/index.php?rest_route=\/wp\/v2\/posts\/2541","targetHints":{"allow":["GET"]}}],"collection":[{"href":"http:\/\/www.almetal.de\/wordpress\/index.php?rest_route=\/wp\/v2\/posts"}],"about":[{"href":"http:\/\/www.almetal.de\/wordpress\/index.php?rest_route=\/wp\/v2\/types\/post"}],"author":[{"embeddable":true,"href":"http:\/\/www.almetal.de\/wordpress\/index.php?rest_route=\/wp\/v2\/users\/2"}],"replies":[{"embeddable":true,"href":"http:\/\/www.almetal.de\/wordpress\/index.php?rest_route=%2Fwp%2Fv2%2Fcomments&post=2541"}],"version-history":[{"count":5,"href":"http:\/\/www.almetal.de\/wordpress\/index.php?rest_route=\/wp\/v2\/posts\/2541\/revisions"}],"predecessor-version":[{"id":2914,"href":"http:\/\/www.almetal.de\/wordpress\/index.php?rest_route=\/wp\/v2\/posts\/2541\/revisions\/2914"}],"wp:attachment":[{"href":"http:\/\/www.almetal.de\/wordpress\/index.php?rest_route=%2Fwp%2Fv2%2Fmedia&parent=2541"}],"wp:term":[{"taxonomy":"category","embeddable":true,"href":"http:\/\/www.almetal.de\/wordpress\/index.php?rest_route=%2Fwp%2Fv2%2Fcategories&post=2541"},{"taxonomy":"post_tag","embeddable":true,"href":"http:\/\/www.almetal.de\/wordpress\/index.php?rest_route=%2Fwp%2Fv2%2Ftags&post=2541"}],"curies":[{"name":"wp","href":"https:\/\/api.w.org\/{rel}","templated":true}]}}