{"id":2598,"date":"2025-04-03T20:45:15","date_gmt":"2025-04-03T20:45:15","guid":{"rendered":"https:\/\/www.almetal.de\/wordpress\/?p=2598"},"modified":"2026-02-23T12:33:26","modified_gmt":"2026-02-23T12:33:26","slug":"alma-von-holte","status":"publish","type":"post","link":"http:\/\/www.almetal.de\/wordpress\/?p=2598","title":{"rendered":"Alma von Holte"},"content":{"rendered":"<h4>Alma ist eine 9-j\u00e4hrige, 130cm gro\u00dfe, deutsch gezogene Viergangstute.<\/h4>\n<p>Die Stute kennt die Reithalle, die Ovalbahn wie auch das Gel\u00e4nde mit Kindern und Erwachsenen und wird bei uns 3-g\u00e4ngig geritten.<\/p>\n<p>Ins Gel\u00e4nde geht sie sowohl allein wie auch in der Gruppe ohne Probleme und an jeder Position.<\/p>\n<p>Derzeit wird sie von uns geritten, wie auch in der Reitschule eingesetzt.<\/p>\n<p>Sie zeichnet sich durch ihren unerschrockenen Charakter aus.<\/p>\n<p><img loading=\"lazy\" decoding=\"async\" class=\"alignleft wp-image-2599\" src=\"http:\/\/www.almetal.de\/wordpress\/wp-content\/uploads\/2025\/04\/Alma-1-225x300.jpg\" alt=\"\" width=\"139\" height=\"185\" srcset=\"http:\/\/www.almetal.de\/wordpress\/wp-content\/uploads\/2025\/04\/Alma-1-225x300.jpg 225w, http:\/\/www.almetal.de\/wordpress\/wp-content\/uploads\/2025\/04\/Alma-1-768x1024.jpg 768w, http:\/\/www.almetal.de\/wordpress\/wp-content\/uploads\/2025\/04\/Alma-1.jpg 960w\" sizes=\"auto, (max-width: 139px) 100vw, 139px\" \/><img loading=\"lazy\" decoding=\"async\" class=\"wp-image-2600 alignright\" src=\"http:\/\/www.almetal.de\/wordpress\/wp-content\/uploads\/2025\/04\/Alma-2.jpg\" alt=\"\" width=\"409\" height=\"201\" srcset=\"http:\/\/www.almetal.de\/wordpress\/wp-content\/uploads\/2025\/04\/Alma-2.jpg 944w, http:\/\/www.almetal.de\/wordpress\/wp-content\/uploads\/2025\/04\/Alma-2-300x147.jpg 300w, http:\/\/www.almetal.de\/wordpress\/wp-content\/uploads\/2025\/04\/Alma-2-768x377.jpg 768w\" sizes=\"auto, (max-width: 409px) 100vw, 409px\" \/><\/p>\n<div style=\"width: 800px;\" class=\"wp-video\"><video class=\"wp-video-shortcode\" id=\"video-2598-1\" width=\"800\" height=\"449\" preload=\"metadata\" controls=\"controls\"><source type=\"video\/mp4\" src=\"http:\/\/www.almetal.de\/wordpress\/wp-content\/uploads\/2025\/04\/Alma.mp4?_=1\" \/><a href=\"http:\/\/www.almetal.de\/wordpress\/wp-content\/uploads\/2025\/04\/Alma.mp4\">http:\/\/www.almetal.de\/wordpress\/wp-content\/uploads\/2025\/04\/Alma.mp4<\/a><\/video><\/div>\n","protected":false},"excerpt":{"rendered":"<p>Alma ist eine 9-j\u00e4hrige, 130cm gro\u00dfe, deutsch gezogene Viergangstute. Die Stute kennt die Reithalle, die Ovalbahn wie auch das Gel\u00e4nde mit Kindern und Erwachsenen und [&#8230;]<\/p>\n","protected":false},"author":2,"featured_media":0,"comment_status":"closed","ping_status":"closed","sticky":false,"template":"","format":"standard","meta":{"footnotes":""},"categories":[10],"tags":[],"class_list":["post-2598","post","type-post","status-publish","format-standard","hentry","category-verkaufspferde"],"_links":{"self":[{"href":"http:\/\/www.almetal.de\/wordpress\/index.php?rest_route=\/wp\/v2\/posts\/2598","targetHints":{"allow":["GET"]}}],"collection":[{"href":"http:\/\/www.almetal.de\/wordpress\/index.php?rest_route=\/wp\/v2\/posts"}],"about":[{"href":"http:\/\/www.almetal.de\/wordpress\/index.php?rest_route=\/wp\/v2\/types\/post"}],"author":[{"embeddable":true,"href":"http:\/\/www.almetal.de\/wordpress\/index.php?rest_route=\/wp\/v2\/users\/2"}],"replies":[{"embeddable":true,"href":"http:\/\/www.almetal.de\/wordpress\/index.php?rest_route=%2Fwp%2Fv2%2Fcomments&post=2598"}],"version-history":[{"count":6,"href":"http:\/\/www.almetal.de\/wordpress\/index.php?rest_route=\/wp\/v2\/posts\/2598\/revisions"}],"predecessor-version":[{"id":2923,"href":"http:\/\/www.almetal.de\/wordpress\/index.php?rest_route=\/wp\/v2\/posts\/2598\/revisions\/2923"}],"wp:attachment":[{"href":"http:\/\/www.almetal.de\/wordpress\/index.php?rest_route=%2Fwp%2Fv2%2Fmedia&parent=2598"}],"wp:term":[{"taxonomy":"category","embeddable":true,"href":"http:\/\/www.almetal.de\/wordpress\/index.php?rest_route=%2Fwp%2Fv2%2Fcategories&post=2598"},{"taxonomy":"post_tag","embeddable":true,"href":"http:\/\/www.almetal.de\/wordpress\/index.php?rest_route=%2Fwp%2Fv2%2Ftags&post=2598"}],"curies":[{"name":"wp","href":"https:\/\/api.w.org\/{rel}","templated":true}]}}