{"id":2630,"date":"2025-04-03T21:23:05","date_gmt":"2025-04-03T21:23:05","guid":{"rendered":"https:\/\/www.almetal.de\/wordpress\/?p=2630"},"modified":"2026-02-23T12:39:24","modified_gmt":"2026-02-23T12:39:24","slug":"elska-vom-almetal","status":"publish","type":"post","link":"http:\/\/www.almetal.de\/wordpress\/?p=2630","title":{"rendered":"Elska vom Almetal"},"content":{"rendered":"<h4>Elska ist eine 6-j\u00e4hrige, 137 cm gro\u00dfe, deutsch gezogene F\u00fcnfgangstute.<\/h4>\n<p>Im Rahmen des Jungpferdebereiterprogrammes 2024 wurde sie eingeritten und bei der Pr\u00fcfung vorgestellt.<\/p>\n<p>Sie hat gleichm\u00e4\u00dfig verteilte G\u00e4nge, wobei sie viel Fluss und einen positiven Willen nach vorne hat.<\/p>\n<p>Die Stute ist zu jeder Zeit aus allen Gangarten super zu regulieren und h\u00f6rt dem Menschen aufmerksam zu.<\/p>\n<p>In der Zukunft k\u00f6nnen wir sie uns als Luxusfreizeitpferd oder im Sport vorstellen.<\/p>\n<h4><\/h4>\n<p><img loading=\"lazy\" decoding=\"async\" class=\"alignleft wp-image-2631\" src=\"http:\/\/www.almetal.de\/wordpress\/wp-content\/uploads\/2025\/04\/Elska.png\" alt=\"\" width=\"326\" height=\"244\" srcset=\"http:\/\/www.almetal.de\/wordpress\/wp-content\/uploads\/2025\/04\/Elska.png 2732w, http:\/\/www.almetal.de\/wordpress\/wp-content\/uploads\/2025\/04\/Elska-300x225.png 300w, http:\/\/www.almetal.de\/wordpress\/wp-content\/uploads\/2025\/04\/Elska-1024x768.png 1024w, http:\/\/www.almetal.de\/wordpress\/wp-content\/uploads\/2025\/04\/Elska-768x576.png 768w, http:\/\/www.almetal.de\/wordpress\/wp-content\/uploads\/2025\/04\/Elska-1536x1151.png 1536w, http:\/\/www.almetal.de\/wordpress\/wp-content\/uploads\/2025\/04\/Elska-2048x1535.png 2048w\" sizes=\"auto, (max-width: 326px) 100vw, 326px\" \/><\/p>\n<p><img loading=\"lazy\" decoding=\"async\" class=\"wp-image-2637 alignright\" src=\"http:\/\/www.almetal.de\/wordpress\/wp-content\/uploads\/2025\/04\/Elska-1.jpeg\" alt=\"\" width=\"419\" height=\"221\" srcset=\"http:\/\/www.almetal.de\/wordpress\/wp-content\/uploads\/2025\/04\/Elska-1.jpeg 788w, http:\/\/www.almetal.de\/wordpress\/wp-content\/uploads\/2025\/04\/Elska-1-300x158.jpeg 300w, http:\/\/www.almetal.de\/wordpress\/wp-content\/uploads\/2025\/04\/Elska-1-768x405.jpeg 768w\" sizes=\"auto, (max-width: 419px) 100vw, 419px\" \/><\/p>\n<p>&nbsp;<\/p>\n<div style=\"width: 800px;\" class=\"wp-video\"><video class=\"wp-video-shortcode\" id=\"video-2630-1\" width=\"800\" height=\"450\" preload=\"metadata\" controls=\"controls\"><source type=\"video\/mp4\" src=\"http:\/\/www.almetal.de\/wordpress\/wp-content\/uploads\/2025\/04\/Elska.mp4?_=1\" \/><a href=\"http:\/\/www.almetal.de\/wordpress\/wp-content\/uploads\/2025\/04\/Elska.mp4\">http:\/\/www.almetal.de\/wordpress\/wp-content\/uploads\/2025\/04\/Elska.mp4<\/a><\/video><\/div>\n","protected":false},"excerpt":{"rendered":"<p>Elska ist eine 6-j\u00e4hrige, 137 cm gro\u00dfe, deutsch gezogene F\u00fcnfgangstute. Im Rahmen des Jungpferdebereiterprogrammes 2024 wurde sie eingeritten und bei der Pr\u00fcfung vorgestellt. Sie hat [&#8230;]<\/p>\n","protected":false},"author":2,"featured_media":0,"comment_status":"closed","ping_status":"closed","sticky":false,"template":"","format":"standard","meta":{"footnotes":""},"categories":[10],"tags":[],"class_list":["post-2630","post","type-post","status-publish","format-standard","hentry","category-verkaufspferde"],"_links":{"self":[{"href":"http:\/\/www.almetal.de\/wordpress\/index.php?rest_route=\/wp\/v2\/posts\/2630","targetHints":{"allow":["GET"]}}],"collection":[{"href":"http:\/\/www.almetal.de\/wordpress\/index.php?rest_route=\/wp\/v2\/posts"}],"about":[{"href":"http:\/\/www.almetal.de\/wordpress\/index.php?rest_route=\/wp\/v2\/types\/post"}],"author":[{"embeddable":true,"href":"http:\/\/www.almetal.de\/wordpress\/index.php?rest_route=\/wp\/v2\/users\/2"}],"replies":[{"embeddable":true,"href":"http:\/\/www.almetal.de\/wordpress\/index.php?rest_route=%2Fwp%2Fv2%2Fcomments&post=2630"}],"version-history":[{"count":10,"href":"http:\/\/www.almetal.de\/wordpress\/index.php?rest_route=\/wp\/v2\/posts\/2630\/revisions"}],"predecessor-version":[{"id":2929,"href":"http:\/\/www.almetal.de\/wordpress\/index.php?rest_route=\/wp\/v2\/posts\/2630\/revisions\/2929"}],"wp:attachment":[{"href":"http:\/\/www.almetal.de\/wordpress\/index.php?rest_route=%2Fwp%2Fv2%2Fmedia&parent=2630"}],"wp:term":[{"taxonomy":"category","embeddable":true,"href":"http:\/\/www.almetal.de\/wordpress\/index.php?rest_route=%2Fwp%2Fv2%2Fcategories&post=2630"},{"taxonomy":"post_tag","embeddable":true,"href":"http:\/\/www.almetal.de\/wordpress\/index.php?rest_route=%2Fwp%2Fv2%2Ftags&post=2630"}],"curies":[{"name":"wp","href":"https:\/\/api.w.org\/{rel}","templated":true}]}}