{"id":1497,"date":"2018-05-01T19:07:21","date_gmt":"2018-05-01T19:07:21","guid":{"rendered":"http:\/\/www.almetal.de\/wordpress\/?p=1497"},"modified":"2018-05-01T19:07:21","modified_gmt":"2018-05-01T19:07:21","slug":"wandereitwoche-in-almstedt","status":"publish","type":"post","link":"https:\/\/www.almetal.de\/wordpress\/?p=1497","title":{"rendered":"Wandereitwoche in Almstedt"},"content":{"rendered":"<p><figure id=\"attachment_1314\" aria-describedby=\"caption-attachment-1314\" style=\"width: 225px\" class=\"wp-caption alignleft\"><a href=\"http:\/\/www.ipf-hi.de\/wordpress\/wp-content\/uploads\/2018\/05\/180501_1.jpg\"><img loading=\"lazy\" decoding=\"async\" src=\"http:\/\/www.ipf-hi.de\/wordpress\/wp-content\/uploads\/2018\/05\/180501_1-225x300.jpg\" alt=\"Julia Stephan\" width=\"225\" height=\"300\" class=\"size-medium wp-image-1314\" \/><\/a><figcaption id=\"caption-attachment-1314\" class=\"wp-caption-text\">Julia Stephan<\/figcaption><\/figure><br \/>\nIm Rahmen der IPZV-Wanderreitwoche trafen sich sechs Reiterinnen und Reiter um am 1. Mai auf einem l\u00e4ngeren Ausritt die Wanderreitsaison zu er\u00f6ffnen. Ziel des Rittes war Hammersteins H\u00fctte im Hildesheimer Wald. Ein unter normalen Umst\u00e4nden einfach zu erreichendes Ziel.<br \/>\nVor dem Ritt wurde Julia Stephan geehrt, die beim Wanderreitcup 2017 den 5. Platz bei den Jugendlichen erreichten. Sie bekam eine der in diesem Jahr erstmals verwendeten Glasmedaillien \u00fcberreicht.Aufgrund des relativ starken Windes am 1. Mai sollte durch den Wald geritten werden und erst auf dem R\u00fcckweg mit dem Wind der lange T\u00f6ltweg genommen werden.<br \/>\n<figure id=\"attachment_1313\" aria-describedby=\"caption-attachment-1313\" style=\"width: 300px\" class=\"wp-caption alignright\"><a href=\"http:\/\/www.ipf-hi.de\/wordpress\/wp-content\/uploads\/2018\/05\/180501_2.jpg\"><img loading=\"lazy\" decoding=\"async\" src=\"http:\/\/www.ipf-hi.de\/wordpress\/wp-content\/uploads\/2018\/05\/180501_2-300x225.jpg\" alt=\"Pause am Wasserwerk\" width=\"300\" height=\"225\" class=\"size-medium wp-image-1313\" \/><\/a><figcaption id=\"caption-attachment-1313\" class=\"wp-caption-text\">Pause am Wasserwerk<\/figcaption><\/figure>Der Wintersturm Friderike hatte schwere Sch\u00e4den in den Fichtenbest\u00e4nden des Hildesheimer Waldes angerichtet, so dass etliche Wege im Wald auch jetzt noch nicht passierbar waren, oder vorsichtig um die entwurzelten B\u00e4ume herumgeritten werden musste.<br \/>\nDennoch erreichte dir Reitgruppe auf einigen Umwegen den ersten Pausenpunkt in Petze, wo man die Pferde auf einer Waldwiese einen Moment grasen lie\u00df und sich einige der Reiter Obst in fl\u00fcssiger Form zukommen lie\u00dfen.<br \/>\nIm zweiten Drittel der Strecke bis zu Hammersteins H\u00fctte ritt die Gruppe dann auch auf den Hauptwegen, die problemlos passierbar waren, aber einen Blick auf Bereiche \u00f6ffnete in denen kaum eine Fichte stehen geblieben war, w\u00e4hrend in den direkt daneben befindlichen Buchenbest\u00e4nden keinerlei Sch\u00e4den an des Sturm erinnerten.<br \/>\n<figure id=\"attachment_1312\" aria-describedby=\"caption-attachment-1312\" style=\"width: 300px\" class=\"wp-caption alignleft\"><a href=\"http:\/\/www.ipf-hi.de\/wordpress\/wp-content\/uploads\/2018\/05\/180501_3.jpg\"><img loading=\"lazy\" decoding=\"async\" src=\"http:\/\/www.ipf-hi.de\/wordpress\/wp-content\/uploads\/2018\/05\/180501_3-300x225.jpg\" alt=\"Verpflegung\" width=\"300\" height=\"225\" class=\"size-medium wp-image-1312\" \/><\/a><figcaption id=\"caption-attachment-1312\" class=\"wp-caption-text\">Verpflegung<\/figcaption><\/figure>Nadja Modrow brachte zur Pause nach dem zweiten Drittel des Weges am Petzer Wasserwerk, Getr\u00e4nke, Obst und Geb\u00e4ck, die sich Reiter und Pferd gerne einverleibten. Auf dem weiteren R\u00fcckweg verlor Christians Hjalti beim T\u00f6lt auf dem langen Weg ein Eisen, welches Helge als mitreitender Schmied direkt wieder befestigte.<\/p>\n","protected":false},"excerpt":{"rendered":"<p>Im Rahmen der IPZV-Wanderreitwoche trafen sich sechs Reiterinnen und Reiter um am 1. Mai auf einem l\u00e4ngeren Ausritt die Wanderreitsaison zu er\u00f6ffnen. Ziel des Rittes [&#8230;]<\/p>\n","protected":false},"author":1,"featured_media":0,"comment_status":"closed","ping_status":"closed","sticky":false,"template":"","format":"standard","meta":{"footnotes":""},"categories":[1],"tags":[],"class_list":["post-1497","post","type-post","status-publish","format-standard","hentry","category-allgemein"],"_links":{"self":[{"href":"https:\/\/www.almetal.de\/wordpress\/index.php?rest_route=\/wp\/v2\/posts\/1497","targetHints":{"allow":["GET"]}}],"collection":[{"href":"https:\/\/www.almetal.de\/wordpress\/index.php?rest_route=\/wp\/v2\/posts"}],"about":[{"href":"https:\/\/www.almetal.de\/wordpress\/index.php?rest_route=\/wp\/v2\/types\/post"}],"author":[{"embeddable":true,"href":"https:\/\/www.almetal.de\/wordpress\/index.php?rest_route=\/wp\/v2\/users\/1"}],"replies":[{"embeddable":true,"href":"https:\/\/www.almetal.de\/wordpress\/index.php?rest_route=%2Fwp%2Fv2%2Fcomments&post=1497"}],"version-history":[{"count":2,"href":"https:\/\/www.almetal.de\/wordpress\/index.php?rest_route=\/wp\/v2\/posts\/1497\/revisions"}],"predecessor-version":[{"id":1499,"href":"https:\/\/www.almetal.de\/wordpress\/index.php?rest_route=\/wp\/v2\/posts\/1497\/revisions\/1499"}],"wp:attachment":[{"href":"https:\/\/www.almetal.de\/wordpress\/index.php?rest_route=%2Fwp%2Fv2%2Fmedia&parent=1497"}],"wp:term":[{"taxonomy":"category","embeddable":true,"href":"https:\/\/www.almetal.de\/wordpress\/index.php?rest_route=%2Fwp%2Fv2%2Fcategories&post=1497"},{"taxonomy":"post_tag","embeddable":true,"href":"https:\/\/www.almetal.de\/wordpress\/index.php?rest_route=%2Fwp%2Fv2%2Ftags&post=1497"}],"curies":[{"name":"wp","href":"https:\/\/api.w.org\/{rel}","templated":true}]}}